{"id":657,"date":"2025-01-07T11:34:50","date_gmt":"2025-01-07T10:34:50","guid":{"rendered":"https:\/\/pose-energie.com\/?p=657"},"modified":"2025-01-07T11:41:18","modified_gmt":"2025-01-07T10:41:18","slug":"pose-energie-expose-au-salon-happytat","status":"publish","type":"post","link":"https:\/\/pose-energie.com\/index.php\/2025\/01\/07\/pose-energie-expose-au-salon-happytat\/","title":{"rendered":"Pose Energie expose au Salon HAPPYTAT les 14, 15 et 16 F\u00e9vrier 2025"},"content":{"rendered":"<p>[et_pb_section fb_built=\u00a0\u00bb1&Prime; _builder_version=\u00a0\u00bb4.16&Prime; global_colors_info=\u00a0\u00bb{}\u00a0\u00bb][et_pb_row _builder_version=\u00a0\u00bb4.16&Prime; background_size=\u00a0\u00bbinitial\u00a0\u00bb background_position=\u00a0\u00bbtop_left\u00a0\u00bb background_repeat=\u00a0\u00bbrepeat\u00a0\u00bb global_colors_info=\u00a0\u00bb{}\u00a0\u00bb][et_pb_column type=\u00a0\u00bb4_4&Prime; _builder_version=\u00a0\u00bb4.16&Prime; custom_padding=\u00a0\u00bb|||\u00a0\u00bb global_colors_info=\u00a0\u00bb{}\u00a0\u00bb custom_padding__hover=\u00a0\u00bb|||\u00a0\u00bb][et_pb_text _builder_version=\u00a0\u00bb4.16&Prime; background_size=\u00a0\u00bbinitial\u00a0\u00bb background_position=\u00a0\u00bbtop_left\u00a0\u00bb background_repeat=\u00a0\u00bbrepeat\u00a0\u00bb global_colors_info=\u00a0\u00bb{}\u00a0\u00bb]Pour la deuxi\u00e8me ann\u00e9e cons\u00e9cutive, Retrouvez-nous les 14 \/ 15 et 16 F\u00e9vrier 2025 au Salon HAPPYTAT.<br \/>\nCette \u00e9dition 2025 se tiendra \u00e0 nouveau au CABL d&rsquo;Andr\u00e9zieux Bouth\u00e9on.<\/p>\n<p>Si vous avez un projet d&rsquo;installation photovolta\u00efque dans les mois \u00e0 venir ou si vous avez simplement des questions pour comprendre l&rsquo;inter\u00eat d&rsquo;une installation de panneaux photovolta\u00efque chez vous (quelle production ? quel retour sur investissement ? \u00e0 quelles aides \u00e9ventuelles pouvez-vous pr\u00e9tendre ? autoconsommation ou revente de votre production partielle ou totale etc&#8230;)<\/p>\n<p>Profitez du Salon Happytat pour venir nous rencontrer, nous vous accueillerons avec plaisir sur notre stand d\u00e9di\u00e9 aux installations photovolta\u00efques !<br \/>\n[\/et_pb_text][\/et_pb_column][\/et_pb_row][\/et_pb_section]<\/p>\n","protected":false},"excerpt":{"rendered":"<p>Pour la deuxi\u00e8me ann\u00e9e cons\u00e9cutive, Retrouvez-nous les 14 \/ 15 et 16 F\u00e9vrier 2025 au Salon HAPPYTAT. Cette \u00e9dition 2025 se tiendra \u00e0 nouveau au CABL d&rsquo;Andr\u00e9zieux Bouth\u00e9on. Si vous avez un projet d&rsquo;installation photovolta\u00efque dans les mois \u00e0 venir ou si vous avez simplement des questions pour comprendre l&rsquo;inter\u00eat d&rsquo;une installation de panneaux photovolta\u00efque [&hellip;]<\/p>\n","protected":false},"author":1,"featured_media":658,"comment_status":"open","ping_status":"open","sticky":false,"template":"","format":"standard","meta":{"_et_pb_use_builder":"on","_et_pb_old_content":"<p>Pour la deuxi\u00e8me ann\u00e9e cons\u00e9cutive, Retrouvez-nous les 14 \/ 15 et 16 F\u00e9vrier 2025 au Salon HAPPYTAT.<br \/>Cette \u00e9dition 2025 se tiendra \u00e0 nouveau au CABL d'Andr\u00e9zieux Bouth\u00e9on.<\/p><p>Si vous avez un projet d'installation photovolta\u00efque dans les mois \u00e0 venir ou si vous avez simplement des questions pour comprendre l'inter\u00eat d'une installation de panneaux photovolta\u00efque chez vous (quelle production ? quel retour sur investissement ? \u00e0 quelles aides \u00e9ventuelles pouvez-vous pr\u00e9tendre ? autoconsommation ou revente de votre production partielle ou totale etc...)<\/p><p>Profitez du Salon Happytat pour venir nous rencontrer, nous vous accueillerons avec plaisir sur notre stand d\u00e9di\u00e9 aux installations photovolta\u00efques !<\/p>","_et_gb_content_width":"","footnotes":""},"categories":[1],"tags":[],"class_list":["post-657","post","type-post","status-publish","format-standard","has-post-thumbnail","hentry","category-non-classe"],"yoast_head":"<!-- This site is optimized with the Yoast SEO Premium plugin v23.8 (Yoast SEO v27.4) - https:\/\/yoast.com\/product\/yoast-seo-premium-wordpress\/ -->\n<title>Pose Energie expose au Salon HAPPYTAT les 14, 15 et 16 F\u00e9vrier 2025 - Pose Energie<\/title>\n<meta name=\"description\" content=\"Retrouvez-nous pour parler de vos projets photovolta\u00efques au CABL d&#039;Andr\u00e9zieux Bouth\u00e9on lors du Salon Happytat les 14,15 et 16 F\u00e9vrier 2025 !\" \/>\n<meta name=\"robots\" content=\"index, follow, max-snippet:-1, max-image-preview:large, max-video-preview:-1\" \/>\n<link rel=\"canonical\" href=\"https:\/\/pose-energie.com\/index.php\/2025\/01\/07\/pose-energie-expose-au-salon-happytat\/\" \/>\n<meta property=\"og:locale\" content=\"fr_FR\" \/>\n<meta property=\"og:type\" content=\"article\" \/>\n<meta property=\"og:title\" content=\"Pose Energie expose au Salon HAPPYTAT les 14, 15 et 16 F\u00e9vrier 2025\" \/>\n<meta property=\"og:description\" content=\"Retrouvez-nous pour parler de vos projets photovolta\u00efques au CABL d&#039;Andr\u00e9zieux Bouth\u00e9on lors du Salon Happytat les 14,15 et 16 F\u00e9vrier 2025 !\" \/>\n<meta property=\"og:url\" content=\"https:\/\/pose-energie.com\/index.php\/2025\/01\/07\/pose-energie-expose-au-salon-happytat\/\" \/>\n<meta property=\"og:site_name\" content=\"Pose Energie\" \/>\n<meta property=\"article:publisher\" content=\"https:\/\/www.facebook.com\/pose.energie\/\" \/>\n<meta property=\"article:published_time\" content=\"2025-01-07T10:34:50+00:00\" \/>\n<meta property=\"article:modified_time\" content=\"2025-01-07T10:41:18+00:00\" \/>\n<meta property=\"og:image\" content=\"https:\/\/pose-energie.com\/wp-content\/uploads\/2025\/01\/salon-happytat-2025-pose-energie.png\" \/>\n\t<meta property=\"og:image:width\" content=\"1200\" \/>\n\t<meta property=\"og:image:height\" content=\"1032\" \/>\n\t<meta property=\"og:image:type\" content=\"image\/png\" \/>\n<meta name=\"author\" content=\"admin9244\" \/>\n<meta name=\"twitter:card\" content=\"summary_large_image\" \/>\n<meta name=\"twitter:label1\" content=\"\u00c9crit par\" \/>\n\t<meta name=\"twitter:data1\" content=\"admin9244\" \/>\n\t<meta name=\"twitter:label2\" content=\"Dur\u00e9e de lecture estim\u00e9e\" \/>\n\t<meta name=\"twitter:data2\" content=\"1 minute\" \/>\n<script type=\"application\/ld+json\" class=\"yoast-schema-graph\">{\"@context\":\"https:\\\/\\\/schema.org\",\"@graph\":[{\"@type\":\"Article\",\"@id\":\"https:\\\/\\\/pose-energie.com\\\/index.php\\\/2025\\\/01\\\/07\\\/pose-energie-expose-au-salon-happytat\\\/#article\",\"isPartOf\":{\"@id\":\"https:\\\/\\\/pose-energie.com\\\/index.php\\\/2025\\\/01\\\/07\\\/pose-energie-expose-au-salon-happytat\\\/\"},\"author\":{\"name\":\"admin9244\",\"@id\":\"https:\\\/\\\/pose-energie.com\\\/#\\\/schema\\\/person\\\/2e93b91968a93c912b597cbe526e1768\"},\"headline\":\"Pose Energie expose au Salon HAPPYTAT les 14, 15 et 16 F\u00e9vrier 2025\",\"datePublished\":\"2025-01-07T10:34:50+00:00\",\"dateModified\":\"2025-01-07T10:41:18+00:00\",\"mainEntityOfPage\":{\"@id\":\"https:\\\/\\\/pose-energie.com\\\/index.php\\\/2025\\\/01\\\/07\\\/pose-energie-expose-au-salon-happytat\\\/\"},\"wordCount\":184,\"commentCount\":0,\"publisher\":{\"@id\":\"https:\\\/\\\/pose-energie.com\\\/#organization\"},\"image\":{\"@id\":\"https:\\\/\\\/pose-energie.com\\\/index.php\\\/2025\\\/01\\\/07\\\/pose-energie-expose-au-salon-happytat\\\/#primaryimage\"},\"thumbnailUrl\":\"https:\\\/\\\/pose-energie.com\\\/wp-content\\\/uploads\\\/2025\\\/01\\\/salon-happytat-2025-pose-energie.png\",\"inLanguage\":\"fr-FR\",\"potentialAction\":[{\"@type\":\"CommentAction\",\"name\":\"Comment\",\"target\":[\"https:\\\/\\\/pose-energie.com\\\/index.php\\\/2025\\\/01\\\/07\\\/pose-energie-expose-au-salon-happytat\\\/#respond\"]}]},{\"@type\":\"WebPage\",\"@id\":\"https:\\\/\\\/pose-energie.com\\\/index.php\\\/2025\\\/01\\\/07\\\/pose-energie-expose-au-salon-happytat\\\/\",\"url\":\"https:\\\/\\\/pose-energie.com\\\/index.php\\\/2025\\\/01\\\/07\\\/pose-energie-expose-au-salon-happytat\\\/\",\"name\":\"Pose Energie expose au Salon HAPPYTAT les 14, 15 et 16 F\u00e9vrier 2025 - Pose Energie\",\"isPartOf\":{\"@id\":\"https:\\\/\\\/pose-energie.com\\\/#website\"},\"primaryImageOfPage\":{\"@id\":\"https:\\\/\\\/pose-energie.com\\\/index.php\\\/2025\\\/01\\\/07\\\/pose-energie-expose-au-salon-happytat\\\/#primaryimage\"},\"image\":{\"@id\":\"https:\\\/\\\/pose-energie.com\\\/index.php\\\/2025\\\/01\\\/07\\\/pose-energie-expose-au-salon-happytat\\\/#primaryimage\"},\"thumbnailUrl\":\"https:\\\/\\\/pose-energie.com\\\/wp-content\\\/uploads\\\/2025\\\/01\\\/salon-happytat-2025-pose-energie.png\",\"datePublished\":\"2025-01-07T10:34:50+00:00\",\"dateModified\":\"2025-01-07T10:41:18+00:00\",\"description\":\"Retrouvez-nous pour parler de vos projets photovolta\u00efques au CABL d'Andr\u00e9zieux Bouth\u00e9on lors du Salon Happytat les 14,15 et 16 F\u00e9vrier 2025 !\",\"breadcrumb\":{\"@id\":\"https:\\\/\\\/pose-energie.com\\\/index.php\\\/2025\\\/01\\\/07\\\/pose-energie-expose-au-salon-happytat\\\/#breadcrumb\"},\"inLanguage\":\"fr-FR\",\"potentialAction\":[{\"@type\":\"ReadAction\",\"target\":[\"https:\\\/\\\/pose-energie.com\\\/index.php\\\/2025\\\/01\\\/07\\\/pose-energie-expose-au-salon-happytat\\\/\"]}]},{\"@type\":\"ImageObject\",\"inLanguage\":\"fr-FR\",\"@id\":\"https:\\\/\\\/pose-energie.com\\\/index.php\\\/2025\\\/01\\\/07\\\/pose-energie-expose-au-salon-happytat\\\/#primaryimage\",\"url\":\"https:\\\/\\\/pose-energie.com\\\/wp-content\\\/uploads\\\/2025\\\/01\\\/salon-happytat-2025-pose-energie.png\",\"contentUrl\":\"https:\\\/\\\/pose-energie.com\\\/wp-content\\\/uploads\\\/2025\\\/01\\\/salon-happytat-2025-pose-energie.png\",\"width\":1200,\"height\":1032},{\"@type\":\"BreadcrumbList\",\"@id\":\"https:\\\/\\\/pose-energie.com\\\/index.php\\\/2025\\\/01\\\/07\\\/pose-energie-expose-au-salon-happytat\\\/#breadcrumb\",\"itemListElement\":[{\"@type\":\"ListItem\",\"position\":1,\"name\":\"Accueil\",\"item\":\"https:\\\/\\\/pose-energie.com\\\/\"},{\"@type\":\"ListItem\",\"position\":2,\"name\":\"Pose Energie expose au Salon HAPPYTAT les 14, 15 et 16 F\u00e9vrier 2025\"}]},{\"@type\":\"WebSite\",\"@id\":\"https:\\\/\\\/pose-energie.com\\\/#website\",\"url\":\"https:\\\/\\\/pose-energie.com\\\/\",\"name\":\"Pose Energie, votre expert en pose de panneaux photovolta\u00efques dans la Loire et d\u00e9partements limitrophes\",\"description\":\"Votre partenaire photovolta\u00efque en Rh\u00f4ne Alpes Auvergne\",\"publisher\":{\"@id\":\"https:\\\/\\\/pose-energie.com\\\/#organization\"},\"potentialAction\":[{\"@type\":\"SearchAction\",\"target\":{\"@type\":\"EntryPoint\",\"urlTemplate\":\"https:\\\/\\\/pose-energie.com\\\/?s={search_term_string}\"},\"query-input\":{\"@type\":\"PropertyValueSpecification\",\"valueRequired\":true,\"valueName\":\"search_term_string\"}}],\"inLanguage\":\"fr-FR\"},{\"@type\":\"Organization\",\"@id\":\"https:\\\/\\\/pose-energie.com\\\/#organization\",\"name\":\"Pose Energie\",\"url\":\"https:\\\/\\\/pose-energie.com\\\/\",\"logo\":{\"@type\":\"ImageObject\",\"inLanguage\":\"fr-FR\",\"@id\":\"https:\\\/\\\/pose-energie.com\\\/#\\\/schema\\\/logo\\\/image\\\/\",\"url\":\"https:\\\/\\\/pose-energie.com\\\/wp-content\\\/uploads\\\/2024\\\/02\\\/Logo-Pose-energie-header-mobile.png\",\"contentUrl\":\"https:\\\/\\\/pose-energie.com\\\/wp-content\\\/uploads\\\/2024\\\/02\\\/Logo-Pose-energie-header-mobile.png\",\"width\":1500,\"height\":1166,\"caption\":\"Pose Energie\"},\"image\":{\"@id\":\"https:\\\/\\\/pose-energie.com\\\/#\\\/schema\\\/logo\\\/image\\\/\"},\"sameAs\":[\"https:\\\/\\\/www.facebook.com\\\/pose.energie\\\/\",\"https:\\\/\\\/www.linkedin.com\\\/company\\\/pose-energie\\\/\"]},{\"@type\":\"Person\",\"@id\":\"https:\\\/\\\/pose-energie.com\\\/#\\\/schema\\\/person\\\/2e93b91968a93c912b597cbe526e1768\",\"name\":\"admin9244\",\"image\":{\"@type\":\"ImageObject\",\"inLanguage\":\"fr-FR\",\"@id\":\"https:\\\/\\\/secure.gravatar.com\\\/avatar\\\/1f6bd19d222a6a6a0c307d39dfb4b8b815b2ee3182bb7defd5a5b6f5a308f05b?s=96&d=mm&r=g\",\"url\":\"https:\\\/\\\/secure.gravatar.com\\\/avatar\\\/1f6bd19d222a6a6a0c307d39dfb4b8b815b2ee3182bb7defd5a5b6f5a308f05b?s=96&d=mm&r=g\",\"contentUrl\":\"https:\\\/\\\/secure.gravatar.com\\\/avatar\\\/1f6bd19d222a6a6a0c307d39dfb4b8b815b2ee3182bb7defd5a5b6f5a308f05b?s=96&d=mm&r=g\",\"caption\":\"admin9244\"},\"sameAs\":[\"http:\\\/\\\/pose-energie.com\"],\"url\":\"https:\\\/\\\/pose-energie.com\\\/index.php\\\/author\\\/admin9244\\\/\"}]}<\/script>\n<!-- \/ Yoast SEO Premium plugin. -->","yoast_head_json":{"title":"Pose Energie expose au Salon HAPPYTAT les 14, 15 et 16 F\u00e9vrier 2025 - Pose Energie","description":"Retrouvez-nous pour parler de vos projets photovolta\u00efques au CABL d'Andr\u00e9zieux Bouth\u00e9on lors du Salon Happytat les 14,15 et 16 F\u00e9vrier 2025 !","robots":{"index":"index","follow":"follow","max-snippet":"max-snippet:-1","max-image-preview":"max-image-preview:large","max-video-preview":"max-video-preview:-1"},"canonical":"https:\/\/pose-energie.com\/index.php\/2025\/01\/07\/pose-energie-expose-au-salon-happytat\/","og_locale":"fr_FR","og_type":"article","og_title":"Pose Energie expose au Salon HAPPYTAT les 14, 15 et 16 F\u00e9vrier 2025","og_description":"Retrouvez-nous pour parler de vos projets photovolta\u00efques au CABL d'Andr\u00e9zieux Bouth\u00e9on lors du Salon Happytat les 14,15 et 16 F\u00e9vrier 2025 !","og_url":"https:\/\/pose-energie.com\/index.php\/2025\/01\/07\/pose-energie-expose-au-salon-happytat\/","og_site_name":"Pose Energie","article_publisher":"https:\/\/www.facebook.com\/pose.energie\/","article_published_time":"2025-01-07T10:34:50+00:00","article_modified_time":"2025-01-07T10:41:18+00:00","og_image":[{"width":1200,"height":1032,"url":"https:\/\/pose-energie.com\/wp-content\/uploads\/2025\/01\/salon-happytat-2025-pose-energie.png","type":"image\/png"}],"author":"admin9244","twitter_card":"summary_large_image","twitter_misc":{"\u00c9crit par":"admin9244","Dur\u00e9e de lecture estim\u00e9e":"1 minute"},"schema":{"@context":"https:\/\/schema.org","@graph":[{"@type":"Article","@id":"https:\/\/pose-energie.com\/index.php\/2025\/01\/07\/pose-energie-expose-au-salon-happytat\/#article","isPartOf":{"@id":"https:\/\/pose-energie.com\/index.php\/2025\/01\/07\/pose-energie-expose-au-salon-happytat\/"},"author":{"name":"admin9244","@id":"https:\/\/pose-energie.com\/#\/schema\/person\/2e93b91968a93c912b597cbe526e1768"},"headline":"Pose Energie expose au Salon HAPPYTAT les 14, 15 et 16 F\u00e9vrier 2025","datePublished":"2025-01-07T10:34:50+00:00","dateModified":"2025-01-07T10:41:18+00:00","mainEntityOfPage":{"@id":"https:\/\/pose-energie.com\/index.php\/2025\/01\/07\/pose-energie-expose-au-salon-happytat\/"},"wordCount":184,"commentCount":0,"publisher":{"@id":"https:\/\/pose-energie.com\/#organization"},"image":{"@id":"https:\/\/pose-energie.com\/index.php\/2025\/01\/07\/pose-energie-expose-au-salon-happytat\/#primaryimage"},"thumbnailUrl":"https:\/\/pose-energie.com\/wp-content\/uploads\/2025\/01\/salon-happytat-2025-pose-energie.png","inLanguage":"fr-FR","potentialAction":[{"@type":"CommentAction","name":"Comment","target":["https:\/\/pose-energie.com\/index.php\/2025\/01\/07\/pose-energie-expose-au-salon-happytat\/#respond"]}]},{"@type":"WebPage","@id":"https:\/\/pose-energie.com\/index.php\/2025\/01\/07\/pose-energie-expose-au-salon-happytat\/","url":"https:\/\/pose-energie.com\/index.php\/2025\/01\/07\/pose-energie-expose-au-salon-happytat\/","name":"Pose Energie expose au Salon HAPPYTAT les 14, 15 et 16 F\u00e9vrier 2025 - Pose Energie","isPartOf":{"@id":"https:\/\/pose-energie.com\/#website"},"primaryImageOfPage":{"@id":"https:\/\/pose-energie.com\/index.php\/2025\/01\/07\/pose-energie-expose-au-salon-happytat\/#primaryimage"},"image":{"@id":"https:\/\/pose-energie.com\/index.php\/2025\/01\/07\/pose-energie-expose-au-salon-happytat\/#primaryimage"},"thumbnailUrl":"https:\/\/pose-energie.com\/wp-content\/uploads\/2025\/01\/salon-happytat-2025-pose-energie.png","datePublished":"2025-01-07T10:34:50+00:00","dateModified":"2025-01-07T10:41:18+00:00","description":"Retrouvez-nous pour parler de vos projets photovolta\u00efques au CABL d'Andr\u00e9zieux Bouth\u00e9on lors du Salon Happytat les 14,15 et 16 F\u00e9vrier 2025 !","breadcrumb":{"@id":"https:\/\/pose-energie.com\/index.php\/2025\/01\/07\/pose-energie-expose-au-salon-happytat\/#breadcrumb"},"inLanguage":"fr-FR","potentialAction":[{"@type":"ReadAction","target":["https:\/\/pose-energie.com\/index.php\/2025\/01\/07\/pose-energie-expose-au-salon-happytat\/"]}]},{"@type":"ImageObject","inLanguage":"fr-FR","@id":"https:\/\/pose-energie.com\/index.php\/2025\/01\/07\/pose-energie-expose-au-salon-happytat\/#primaryimage","url":"https:\/\/pose-energie.com\/wp-content\/uploads\/2025\/01\/salon-happytat-2025-pose-energie.png","contentUrl":"https:\/\/pose-energie.com\/wp-content\/uploads\/2025\/01\/salon-happytat-2025-pose-energie.png","width":1200,"height":1032},{"@type":"BreadcrumbList","@id":"https:\/\/pose-energie.com\/index.php\/2025\/01\/07\/pose-energie-expose-au-salon-happytat\/#breadcrumb","itemListElement":[{"@type":"ListItem","position":1,"name":"Accueil","item":"https:\/\/pose-energie.com\/"},{"@type":"ListItem","position":2,"name":"Pose Energie expose au Salon HAPPYTAT les 14, 15 et 16 F\u00e9vrier 2025"}]},{"@type":"WebSite","@id":"https:\/\/pose-energie.com\/#website","url":"https:\/\/pose-energie.com\/","name":"Pose Energie, votre expert en pose de panneaux photovolta\u00efques dans la Loire et d\u00e9partements limitrophes","description":"Votre partenaire photovolta\u00efque en Rh\u00f4ne Alpes Auvergne","publisher":{"@id":"https:\/\/pose-energie.com\/#organization"},"potentialAction":[{"@type":"SearchAction","target":{"@type":"EntryPoint","urlTemplate":"https:\/\/pose-energie.com\/?s={search_term_string}"},"query-input":{"@type":"PropertyValueSpecification","valueRequired":true,"valueName":"search_term_string"}}],"inLanguage":"fr-FR"},{"@type":"Organization","@id":"https:\/\/pose-energie.com\/#organization","name":"Pose Energie","url":"https:\/\/pose-energie.com\/","logo":{"@type":"ImageObject","inLanguage":"fr-FR","@id":"https:\/\/pose-energie.com\/#\/schema\/logo\/image\/","url":"https:\/\/pose-energie.com\/wp-content\/uploads\/2024\/02\/Logo-Pose-energie-header-mobile.png","contentUrl":"https:\/\/pose-energie.com\/wp-content\/uploads\/2024\/02\/Logo-Pose-energie-header-mobile.png","width":1500,"height":1166,"caption":"Pose Energie"},"image":{"@id":"https:\/\/pose-energie.com\/#\/schema\/logo\/image\/"},"sameAs":["https:\/\/www.facebook.com\/pose.energie\/","https:\/\/www.linkedin.com\/company\/pose-energie\/"]},{"@type":"Person","@id":"https:\/\/pose-energie.com\/#\/schema\/person\/2e93b91968a93c912b597cbe526e1768","name":"admin9244","image":{"@type":"ImageObject","inLanguage":"fr-FR","@id":"https:\/\/secure.gravatar.com\/avatar\/1f6bd19d222a6a6a0c307d39dfb4b8b815b2ee3182bb7defd5a5b6f5a308f05b?s=96&d=mm&r=g","url":"https:\/\/secure.gravatar.com\/avatar\/1f6bd19d222a6a6a0c307d39dfb4b8b815b2ee3182bb7defd5a5b6f5a308f05b?s=96&d=mm&r=g","contentUrl":"https:\/\/secure.gravatar.com\/avatar\/1f6bd19d222a6a6a0c307d39dfb4b8b815b2ee3182bb7defd5a5b6f5a308f05b?s=96&d=mm&r=g","caption":"admin9244"},"sameAs":["http:\/\/pose-energie.com"],"url":"https:\/\/pose-energie.com\/index.php\/author\/admin9244\/"}]}},"_links":{"self":[{"href":"https:\/\/pose-energie.com\/index.php\/wp-json\/wp\/v2\/posts\/657","targetHints":{"allow":["GET"]}}],"collection":[{"href":"https:\/\/pose-energie.com\/index.php\/wp-json\/wp\/v2\/posts"}],"about":[{"href":"https:\/\/pose-energie.com\/index.php\/wp-json\/wp\/v2\/types\/post"}],"author":[{"embeddable":true,"href":"https:\/\/pose-energie.com\/index.php\/wp-json\/wp\/v2\/users\/1"}],"replies":[{"embeddable":true,"href":"https:\/\/pose-energie.com\/index.php\/wp-json\/wp\/v2\/comments?post=657"}],"version-history":[{"count":5,"href":"https:\/\/pose-energie.com\/index.php\/wp-json\/wp\/v2\/posts\/657\/revisions"}],"predecessor-version":[{"id":664,"href":"https:\/\/pose-energie.com\/index.php\/wp-json\/wp\/v2\/posts\/657\/revisions\/664"}],"wp:featuredmedia":[{"embeddable":true,"href":"https:\/\/pose-energie.com\/index.php\/wp-json\/wp\/v2\/media\/658"}],"wp:attachment":[{"href":"https:\/\/pose-energie.com\/index.php\/wp-json\/wp\/v2\/media?parent=657"}],"wp:term":[{"taxonomy":"category","embeddable":true,"href":"https:\/\/pose-energie.com\/index.php\/wp-json\/wp\/v2\/categories?post=657"},{"taxonomy":"post_tag","embeddable":true,"href":"https:\/\/pose-energie.com\/index.php\/wp-json\/wp\/v2\/tags?post=657"}],"curies":[{"name":"wp","href":"https:\/\/api.w.org\/{rel}","templated":true}]}}